{"id":11712,"date":"2015-02-02T16:29:49","date_gmt":"2015-02-02T16:29:49","guid":{"rendered":"https:\/\/www.asturforesta.es\/marche-de-la-foret\/"},"modified":"2022-11-27T11:27:30","modified_gmt":"2022-11-27T11:27:30","slug":"marche-de-la-foret","status":"publish","type":"post","link":"https:\/\/www.asturforesta.es\/fr\/marche-de-la-foret\/","title":{"rendered":"March\u00e9 de la for\u00eat"},"content":{"rendered":"<div class=\"fusion-fullwidth fullwidth-box fusion-builder-row-1 fusion-flex-container nonhundred-percent-fullwidth non-hundred-percent-height-scrolling\" style=\"--awb-border-radius-top-left:0px;--awb-border-radius-top-right:0px;--awb-border-radius-bottom-right:0px;--awb-border-radius-bottom-left:0px;--awb-flex-wrap:wrap;\" ><div class=\"fusion-builder-row fusion-row fusion-flex-align-items-flex-start fusion-flex-content-wrap\" style=\"max-width:1248px;margin-left: calc(-4% \/ 2 );margin-right: calc(-4% \/ 2 );\"><div class=\"fusion-layout-column fusion_builder_column fusion-builder-column-0 fusion_builder_column_1_1 1_1 fusion-flex-column\" style=\"--awb-bg-size:cover;--awb-width-large:100%;--awb-margin-top-large:0px;--awb-spacing-right-large:1.92%;--awb-margin-bottom-large:0px;--awb-spacing-left-large:1.92%;--awb-width-medium:100%;--awb-spacing-right-medium:1.92%;--awb-spacing-left-medium:1.92%;--awb-width-small:100%;--awb-spacing-right-small:1.92%;--awb-spacing-left-small:1.92%;\"><div class=\"fusion-column-wrapper fusion-flex-justify-content-flex-start fusion-content-layout-column\"><div class=\"fusion-text fusion-text-1\"><h3>Secteur forestier en Espagne<\/h3>\n<h4 class=\"subtitle\">Situation en Espagne<\/h4>\n<p>Une \u00e9tude plus d\u00e9taill\u00e9e de la situation du secteur forestier en Espagne sera ensuite r\u00e9alis\u00e9e.<\/p>\n<p>Selon les informations tir\u00e9es du 2\u00e8me inventaire forestier national, la superficie foresti\u00e8re est de 25 960 000 hectares, ce qui repr\u00e9sente 51% du territoire national, et dont 13 695 000 sont bois\u00e9s et 12 265 000 hectares. sans arbres.<\/p>\n<p>La propri\u00e9t\u00e9 est majoritaire parmi les particuliers, 74%, le reste appartenant \u00e0 l&#8217;Administration, et 22% \u00e9tant aux mains de l&#8217;Administration Locale, et 4% r\u00e9partis entre l&#8217;Etat et les Autonomies.<\/p>\n<p>La majeure partie de la superficie foresti\u00e8re est situ\u00e9e dans les provinces qui forment l&#8217;Arc Atlantique, avec une extension de 8 225 300 hectares, 59,3% du territoire desdites provinces. De ce nombre, 4 686 408 ont. Ils sont bois\u00e9s, ce qui repr\u00e9sente 33,8% du total.<\/p>\n<p>D&#8217;apr\u00e8s les donn\u00e9es du 2e I.F.N. La surface occup\u00e9e par les conif\u00e8res est de 7 093 813 hectares, soit 53,1% de la for\u00eat totale, dont pour les essences les plus int\u00e9ressantes nous avons :<\/p>\n<ul>\n<li>Pinus pinaster : 1 762 883 ha. 24,8 %<\/li>\n<li>Pinus sylvestris : 1.377.716 has. 19,4 %<\/li>\n<li>Pinus nigra : 883.888 has. 12,4 %<\/li>\n<li>Pinus radiata : 287.118 has. 4,0 %<\/li>\n<\/ul>\n<p>Quant aux feuillus, la superficie qu&#8217;ils occupent est de 6 246 057 hectares, ce qui repr\u00e9sente 46,9 % de la superficie foresti\u00e8re bois\u00e9e. Les esp\u00e8ces les plus int\u00e9ressantes sont les suivantes :<\/p>\n<ul>\n<li>Fagus sylvatica : 532.111 has. 8,5 %<\/li>\n<li>Eucaliptus sp : 507.308 has. 8,1 %<\/li>\n<li>Castanea sativa : 185.075 has. 2,9 %<\/li>\n<li>Q.robur\/Q.petraea : 166.891 has. 2,6 %<\/li>\n<\/ul>\n<p>Concernant la productivit\u00e9 des esp\u00e8ces les plus repr\u00e9sentatives :<\/p>\n<ul>\n<li>Populus Xcanadensis : 40 m3\/ha\/an et une rotation de 10-20 ans.<\/li>\n<li>Eucalyptus globulus : 15-20 m3\/ha\/an (max. 30 m3\/ha\/an) et une rotation de 12-15 ans.<\/li>\n<li>Pinus radiata : 23,7 m3\/ha\/an et un d\u00e9calage de 35 ans.<\/li>\n<li>Castanea sativa : 8-10 m3\/ha\/an et un d\u00e9calage de 40-50 ans.<\/li>\n<li>Pinus pinaster : 6-8 m3\/ha\/an et un d\u00e9calage de 30-35 ans.<\/li>\n<li>Fagus sylvatica : 6,1 m3\/ha\/an et une rotation de 90 ans.<\/li>\n<\/ul>\n<\/div><\/div><\/div><\/div><\/div>\n","protected":false},"excerpt":{"rendered":"","protected":false},"author":1,"featured_media":11027,"comment_status":"closed","ping_status":"open","sticky":false,"template":"","format":"standard","meta":{"footnotes":""},"categories":[14],"tags":[],"class_list":["post-11712","post","type-post","status-publish","format-standard","has-post-thumbnail","hentry","category-non-classifiee"],"yoast_head":"<!-- This site is optimized with the Yoast SEO plugin v27.1.1 - https:\/\/yoast.com\/product\/yoast-seo-wordpress\/ -->\n<title>March\u00e9 de la for\u00eat - Asturforesta<\/title>\n<meta name=\"robots\" content=\"index, follow, max-snippet:-1, max-image-preview:large, max-video-preview:-1\" \/>\n<link rel=\"canonical\" href=\"https:\/\/www.asturforesta.es\/fr\/marche-de-la-foret\/\" \/>\n<meta property=\"og:locale\" content=\"fr_FR\" \/>\n<meta property=\"og:type\" content=\"article\" \/>\n<meta property=\"og:title\" content=\"March\u00e9 de la for\u00eat - Asturforesta\" \/>\n<meta property=\"og:url\" content=\"https:\/\/www.asturforesta.es\/fr\/marche-de-la-foret\/\" \/>\n<meta property=\"og:site_name\" content=\"Asturforesta\" \/>\n<meta property=\"article:publisher\" content=\"https:\/\/www.facebook.com\/Asturforesta-712870052165199\/\" \/>\n<meta property=\"article:author\" content=\"https:\/\/www.facebook.com\/asturforesta\/\" \/>\n<meta property=\"article:published_time\" content=\"2015-02-02T16:29:49+00:00\" \/>\n<meta property=\"article:modified_time\" content=\"2022-11-27T11:27:30+00:00\" \/>\n<meta property=\"og:image\" content=\"https:\/\/www.asturforesta.es\/wp-content\/uploads\/2022\/06\/asturforesta-feria-forestal-asturias-1.jpg\" \/>\n\t<meta property=\"og:image:width\" content=\"2000\" \/>\n\t<meta property=\"og:image:height\" content=\"1333\" \/>\n\t<meta property=\"og:image:type\" content=\"image\/jpeg\" \/>\n<meta name=\"author\" content=\"Asturforesta\" \/>\n<meta name=\"twitter:card\" content=\"summary_large_image\" \/>\n<meta name=\"twitter:creator\" content=\"@asturforesta\" \/>\n<meta name=\"twitter:site\" content=\"@Asturforesta\" \/>\n<meta name=\"twitter:label1\" content=\"Written by\" \/>\n\t<meta name=\"twitter:data1\" content=\"Asturforesta\" \/>\n\t<meta name=\"twitter:label2\" content=\"Est. reading time\" \/>\n\t<meta name=\"twitter:data2\" content=\"3 minutes\" \/>\n<script type=\"application\/ld+json\" class=\"yoast-schema-graph\">{\"@context\":\"https:\/\/schema.org\",\"@graph\":[{\"@type\":\"Article\",\"@id\":\"https:\/\/www.asturforesta.es\/fr\/marche-de-la-foret\/#article\",\"isPartOf\":{\"@id\":\"https:\/\/www.asturforesta.es\/fr\/marche-de-la-foret\/\"},\"author\":{\"name\":\"Asturforesta\",\"@id\":\"https:\/\/www.asturforesta.es\/fr\/#\/schema\/person\/bb1d3af5f3549bad95f3622c31a51bef\"},\"headline\":\"March\u00e9 de la for\u00eat\",\"datePublished\":\"2015-02-02T16:29:49+00:00\",\"dateModified\":\"2022-11-27T11:27:30+00:00\",\"mainEntityOfPage\":{\"@id\":\"https:\/\/www.asturforesta.es\/fr\/marche-de-la-foret\/\"},\"wordCount\":560,\"image\":{\"@id\":\"https:\/\/www.asturforesta.es\/fr\/marche-de-la-foret\/#primaryimage\"},\"thumbnailUrl\":\"https:\/\/www.asturforesta.es\/wp-content\/uploads\/2022\/06\/asturforesta-feria-forestal-asturias-1.jpg\",\"articleSection\":[\"Non classifi\u00e9(e)\"],\"inLanguage\":\"fr-FR\"},{\"@type\":\"WebPage\",\"@id\":\"https:\/\/www.asturforesta.es\/fr\/marche-de-la-foret\/\",\"url\":\"https:\/\/www.asturforesta.es\/fr\/marche-de-la-foret\/\",\"name\":\"March\u00e9 de la for\u00eat - Asturforesta\",\"isPartOf\":{\"@id\":\"https:\/\/www.asturforesta.es\/fr\/#website\"},\"primaryImageOfPage\":{\"@id\":\"https:\/\/www.asturforesta.es\/fr\/marche-de-la-foret\/#primaryimage\"},\"image\":{\"@id\":\"https:\/\/www.asturforesta.es\/fr\/marche-de-la-foret\/#primaryimage\"},\"thumbnailUrl\":\"https:\/\/www.asturforesta.es\/wp-content\/uploads\/2022\/06\/asturforesta-feria-forestal-asturias-1.jpg\",\"datePublished\":\"2015-02-02T16:29:49+00:00\",\"dateModified\":\"2022-11-27T11:27:30+00:00\",\"author\":{\"@id\":\"https:\/\/www.asturforesta.es\/fr\/#\/schema\/person\/bb1d3af5f3549bad95f3622c31a51bef\"},\"breadcrumb\":{\"@id\":\"https:\/\/www.asturforesta.es\/fr\/marche-de-la-foret\/#breadcrumb\"},\"inLanguage\":\"fr-FR\",\"potentialAction\":[{\"@type\":\"ReadAction\",\"target\":[\"https:\/\/www.asturforesta.es\/fr\/marche-de-la-foret\/\"]}]},{\"@type\":\"ImageObject\",\"inLanguage\":\"fr-FR\",\"@id\":\"https:\/\/www.asturforesta.es\/fr\/marche-de-la-foret\/#primaryimage\",\"url\":\"https:\/\/www.asturforesta.es\/wp-content\/uploads\/2022\/06\/asturforesta-feria-forestal-asturias-1.jpg\",\"contentUrl\":\"https:\/\/www.asturforesta.es\/wp-content\/uploads\/2022\/06\/asturforesta-feria-forestal-asturias-1.jpg\",\"width\":2000,\"height\":1333},{\"@type\":\"BreadcrumbList\",\"@id\":\"https:\/\/www.asturforesta.es\/fr\/marche-de-la-foret\/#breadcrumb\",\"itemListElement\":[{\"@type\":\"ListItem\",\"position\":1,\"name\":\"Portada\",\"item\":\"https:\/\/www.asturforesta.es\/fr\/\"},{\"@type\":\"ListItem\",\"position\":2,\"name\":\"March\u00e9 de la for\u00eat\"}]},{\"@type\":\"WebSite\",\"@id\":\"https:\/\/www.asturforesta.es\/fr\/#website\",\"url\":\"https:\/\/www.asturforesta.es\/fr\/\",\"name\":\"Asturforesta\",\"description\":\"Feria forestal internacional\",\"potentialAction\":[{\"@type\":\"SearchAction\",\"target\":{\"@type\":\"EntryPoint\",\"urlTemplate\":\"https:\/\/www.asturforesta.es\/fr\/?s={search_term_string}\"},\"query-input\":{\"@type\":\"PropertyValueSpecification\",\"valueRequired\":true,\"valueName\":\"search_term_string\"}}],\"inLanguage\":\"fr-FR\"},{\"@type\":\"Person\",\"@id\":\"https:\/\/www.asturforesta.es\/fr\/#\/schema\/person\/bb1d3af5f3549bad95f3622c31a51bef\",\"name\":\"Asturforesta\",\"image\":{\"@type\":\"ImageObject\",\"inLanguage\":\"fr-FR\",\"@id\":\"https:\/\/www.asturforesta.es\/fr\/#\/schema\/person\/image\/\",\"url\":\"https:\/\/secure.gravatar.com\/avatar\/034b5d82a94171fdb2c3d008c4a16075fe8c921dd59cd68dfed687e0f24c291f?s=96&d=mm&r=g\",\"contentUrl\":\"https:\/\/secure.gravatar.com\/avatar\/034b5d82a94171fdb2c3d008c4a16075fe8c921dd59cd68dfed687e0f24c291f?s=96&d=mm&r=g\",\"caption\":\"Asturforesta\"},\"sameAs\":[\"http:\/\/www.asturforesta.es\",\"https:\/\/www.facebook.com\/asturforesta\/\",\"https:\/\/x.com\/asturforesta\"],\"url\":\"https:\/\/www.asturforesta.es\/fr\/author\/manuelfg\/\"}]}<\/script>\n<!-- \/ Yoast SEO plugin. -->","yoast_head_json":{"title":"March\u00e9 de la for\u00eat - Asturforesta","robots":{"index":"index","follow":"follow","max-snippet":"max-snippet:-1","max-image-preview":"max-image-preview:large","max-video-preview":"max-video-preview:-1"},"canonical":"https:\/\/www.asturforesta.es\/fr\/marche-de-la-foret\/","og_locale":"fr_FR","og_type":"article","og_title":"March\u00e9 de la for\u00eat - Asturforesta","og_url":"https:\/\/www.asturforesta.es\/fr\/marche-de-la-foret\/","og_site_name":"Asturforesta","article_publisher":"https:\/\/www.facebook.com\/Asturforesta-712870052165199\/","article_author":"https:\/\/www.facebook.com\/asturforesta\/","article_published_time":"2015-02-02T16:29:49+00:00","article_modified_time":"2022-11-27T11:27:30+00:00","og_image":[{"width":2000,"height":1333,"url":"https:\/\/www.asturforesta.es\/wp-content\/uploads\/2022\/06\/asturforesta-feria-forestal-asturias-1.jpg","type":"image\/jpeg"}],"author":"Asturforesta","twitter_card":"summary_large_image","twitter_creator":"@asturforesta","twitter_site":"@Asturforesta","twitter_misc":{"Written by":"Asturforesta","Est. reading time":"3 minutes"},"schema":{"@context":"https:\/\/schema.org","@graph":[{"@type":"Article","@id":"https:\/\/www.asturforesta.es\/fr\/marche-de-la-foret\/#article","isPartOf":{"@id":"https:\/\/www.asturforesta.es\/fr\/marche-de-la-foret\/"},"author":{"name":"Asturforesta","@id":"https:\/\/www.asturforesta.es\/fr\/#\/schema\/person\/bb1d3af5f3549bad95f3622c31a51bef"},"headline":"March\u00e9 de la for\u00eat","datePublished":"2015-02-02T16:29:49+00:00","dateModified":"2022-11-27T11:27:30+00:00","mainEntityOfPage":{"@id":"https:\/\/www.asturforesta.es\/fr\/marche-de-la-foret\/"},"wordCount":560,"image":{"@id":"https:\/\/www.asturforesta.es\/fr\/marche-de-la-foret\/#primaryimage"},"thumbnailUrl":"https:\/\/www.asturforesta.es\/wp-content\/uploads\/2022\/06\/asturforesta-feria-forestal-asturias-1.jpg","articleSection":["Non classifi\u00e9(e)"],"inLanguage":"fr-FR"},{"@type":"WebPage","@id":"https:\/\/www.asturforesta.es\/fr\/marche-de-la-foret\/","url":"https:\/\/www.asturforesta.es\/fr\/marche-de-la-foret\/","name":"March\u00e9 de la for\u00eat - Asturforesta","isPartOf":{"@id":"https:\/\/www.asturforesta.es\/fr\/#website"},"primaryImageOfPage":{"@id":"https:\/\/www.asturforesta.es\/fr\/marche-de-la-foret\/#primaryimage"},"image":{"@id":"https:\/\/www.asturforesta.es\/fr\/marche-de-la-foret\/#primaryimage"},"thumbnailUrl":"https:\/\/www.asturforesta.es\/wp-content\/uploads\/2022\/06\/asturforesta-feria-forestal-asturias-1.jpg","datePublished":"2015-02-02T16:29:49+00:00","dateModified":"2022-11-27T11:27:30+00:00","author":{"@id":"https:\/\/www.asturforesta.es\/fr\/#\/schema\/person\/bb1d3af5f3549bad95f3622c31a51bef"},"breadcrumb":{"@id":"https:\/\/www.asturforesta.es\/fr\/marche-de-la-foret\/#breadcrumb"},"inLanguage":"fr-FR","potentialAction":[{"@type":"ReadAction","target":["https:\/\/www.asturforesta.es\/fr\/marche-de-la-foret\/"]}]},{"@type":"ImageObject","inLanguage":"fr-FR","@id":"https:\/\/www.asturforesta.es\/fr\/marche-de-la-foret\/#primaryimage","url":"https:\/\/www.asturforesta.es\/wp-content\/uploads\/2022\/06\/asturforesta-feria-forestal-asturias-1.jpg","contentUrl":"https:\/\/www.asturforesta.es\/wp-content\/uploads\/2022\/06\/asturforesta-feria-forestal-asturias-1.jpg","width":2000,"height":1333},{"@type":"BreadcrumbList","@id":"https:\/\/www.asturforesta.es\/fr\/marche-de-la-foret\/#breadcrumb","itemListElement":[{"@type":"ListItem","position":1,"name":"Portada","item":"https:\/\/www.asturforesta.es\/fr\/"},{"@type":"ListItem","position":2,"name":"March\u00e9 de la for\u00eat"}]},{"@type":"WebSite","@id":"https:\/\/www.asturforesta.es\/fr\/#website","url":"https:\/\/www.asturforesta.es\/fr\/","name":"Asturforesta","description":"Feria forestal internacional","potentialAction":[{"@type":"SearchAction","target":{"@type":"EntryPoint","urlTemplate":"https:\/\/www.asturforesta.es\/fr\/?s={search_term_string}"},"query-input":{"@type":"PropertyValueSpecification","valueRequired":true,"valueName":"search_term_string"}}],"inLanguage":"fr-FR"},{"@type":"Person","@id":"https:\/\/www.asturforesta.es\/fr\/#\/schema\/person\/bb1d3af5f3549bad95f3622c31a51bef","name":"Asturforesta","image":{"@type":"ImageObject","inLanguage":"fr-FR","@id":"https:\/\/www.asturforesta.es\/fr\/#\/schema\/person\/image\/","url":"https:\/\/secure.gravatar.com\/avatar\/034b5d82a94171fdb2c3d008c4a16075fe8c921dd59cd68dfed687e0f24c291f?s=96&d=mm&r=g","contentUrl":"https:\/\/secure.gravatar.com\/avatar\/034b5d82a94171fdb2c3d008c4a16075fe8c921dd59cd68dfed687e0f24c291f?s=96&d=mm&r=g","caption":"Asturforesta"},"sameAs":["http:\/\/www.asturforesta.es","https:\/\/www.facebook.com\/asturforesta\/","https:\/\/x.com\/asturforesta"],"url":"https:\/\/www.asturforesta.es\/fr\/author\/manuelfg\/"}]}},"_links":{"self":[{"href":"https:\/\/www.asturforesta.es\/fr\/wp-json\/wp\/v2\/posts\/11712","targetHints":{"allow":["GET"]}}],"collection":[{"href":"https:\/\/www.asturforesta.es\/fr\/wp-json\/wp\/v2\/posts"}],"about":[{"href":"https:\/\/www.asturforesta.es\/fr\/wp-json\/wp\/v2\/types\/post"}],"author":[{"embeddable":true,"href":"https:\/\/www.asturforesta.es\/fr\/wp-json\/wp\/v2\/users\/1"}],"replies":[{"embeddable":true,"href":"https:\/\/www.asturforesta.es\/fr\/wp-json\/wp\/v2\/comments?post=11712"}],"version-history":[{"count":2,"href":"https:\/\/www.asturforesta.es\/fr\/wp-json\/wp\/v2\/posts\/11712\/revisions"}],"predecessor-version":[{"id":11714,"href":"https:\/\/www.asturforesta.es\/fr\/wp-json\/wp\/v2\/posts\/11712\/revisions\/11714"}],"wp:featuredmedia":[{"embeddable":true,"href":"https:\/\/www.asturforesta.es\/fr\/wp-json\/wp\/v2\/media\/11027"}],"wp:attachment":[{"href":"https:\/\/www.asturforesta.es\/fr\/wp-json\/wp\/v2\/media?parent=11712"}],"wp:term":[{"taxonomy":"category","embeddable":true,"href":"https:\/\/www.asturforesta.es\/fr\/wp-json\/wp\/v2\/categories?post=11712"},{"taxonomy":"post_tag","embeddable":true,"href":"https:\/\/www.asturforesta.es\/fr\/wp-json\/wp\/v2\/tags?post=11712"}],"curies":[{"name":"wp","href":"https:\/\/api.w.org\/{rel}","templated":true}]}}