{"id":11706,"date":"2016-06-10T09:02:23","date_gmt":"2016-06-10T09:02:23","guid":{"rendered":"https:\/\/www.asturforesta.es\/les-pompiers-forestiers-de-madrid-demandent-a-avoir-une-categorie-professionnelle\/"},"modified":"2022-11-27T11:24:23","modified_gmt":"2022-11-27T11:24:23","slug":"les-pompiers-forestiers-de-madrid-demandent-a-avoir-une-categorie-professionnelle","status":"publish","type":"post","link":"https:\/\/www.asturforesta.es\/fr\/les-pompiers-forestiers-de-madrid-demandent-a-avoir-une-categorie-professionnelle\/","title":{"rendered":"Les pompiers forestiers de Madrid demandent \u00e0 avoir une cat\u00e9gorie professionnelle"},"content":{"rendered":"<div class=\"fusion-fullwidth fullwidth-box fusion-builder-row-1 fusion-flex-container nonhundred-percent-fullwidth non-hundred-percent-height-scrolling\" style=\"--awb-border-radius-top-left:0px;--awb-border-radius-top-right:0px;--awb-border-radius-bottom-right:0px;--awb-border-radius-bottom-left:0px;--awb-flex-wrap:wrap;\" ><div class=\"fusion-builder-row fusion-row fusion-flex-align-items-flex-start fusion-flex-content-wrap\" style=\"max-width:1248px;margin-left: calc(-4% \/ 2 );margin-right: calc(-4% \/ 2 );\"><div class=\"fusion-layout-column fusion_builder_column fusion-builder-column-0 fusion_builder_column_1_1 1_1 fusion-flex-column\" style=\"--awb-bg-size:cover;--awb-width-large:100%;--awb-margin-top-large:0px;--awb-spacing-right-large:1.92%;--awb-margin-bottom-large:0px;--awb-spacing-left-large:1.92%;--awb-width-medium:100%;--awb-spacing-right-medium:1.92%;--awb-spacing-left-medium:1.92%;--awb-width-small:100%;--awb-spacing-right-small:1.92%;--awb-spacing-left-small:1.92%;\"><div class=\"fusion-column-wrapper fusion-flex-justify-content-flex-start fusion-content-layout-column\"><div class=\"fusion-text fusion-text-1\"><p style=\"text-align: justify;\">Plusieurs dizaines de sapeurs-pompiers forestiers faisant partie des effectifs de la Communaut\u00e9 de Madrid ont manifest\u00e9 ce jeudi 9 devant les portes du Parlement r\u00e9gional pour demander \u00e0 am\u00e9liorer leur formation et pouvoir ainsi obtenir la reconnaissance de leur cat\u00e9gorie professionnelle. &#8220;S&#8217;ils reconnaissent la cat\u00e9gorie des pompiers forestiers, ils doivent nous reconna\u00eetre comme maladies professionnelles et dangerosit\u00e9&#8221;, a expliqu\u00e9 \u00e0 l&#8217;Efe le porte-parole de l&#8217;association des pompiers forestiers de la Communaut\u00e9 de Madrid, \u00cd\u00f1igo Hern\u00e1ndez. Comme il l&#8217;a soulign\u00e9, dans la Communaut\u00e9 de Madrid, il y a des pompiers qui sont des fonctionnaires et travaillent dans les 19 parcs de la r\u00e9gion qui ont le pouvoir d&#8217;\u00e9teindre ce type d&#8217;incendie. D&#8217;autre part, il a dit qu&#8217;il y a du personnel &#8220;privatis\u00e9&#8221; et, en plus, un total de 213 travailleurs consid\u00e9r\u00e9s comme du personnel communautaire.<\/p>\n<\/div><\/div><\/div><\/div><\/div>\n","protected":false},"excerpt":{"rendered":"","protected":false},"author":1,"featured_media":7175,"comment_status":"closed","ping_status":"open","sticky":false,"template":"","format":"standard","meta":{"footnotes":""},"categories":[14],"tags":[],"class_list":["post-11706","post","type-post","status-publish","format-standard","has-post-thumbnail","hentry","category-non-classifiee"],"yoast_head":"<!-- This site is optimized with the Yoast SEO plugin v27.1.1 - https:\/\/yoast.com\/product\/yoast-seo-wordpress\/ -->\n<title>Les pompiers forestiers de Madrid demandent \u00e0 avoir une cat\u00e9gorie professionnelle - Asturforesta<\/title>\n<meta name=\"robots\" content=\"index, follow, max-snippet:-1, max-image-preview:large, max-video-preview:-1\" \/>\n<link rel=\"canonical\" href=\"https:\/\/www.asturforesta.es\/fr\/les-pompiers-forestiers-de-madrid-demandent-a-avoir-une-categorie-professionnelle\/\" \/>\n<meta property=\"og:locale\" content=\"fr_FR\" \/>\n<meta property=\"og:type\" content=\"article\" \/>\n<meta property=\"og:title\" content=\"Les pompiers forestiers de Madrid demandent \u00e0 avoir une cat\u00e9gorie professionnelle - Asturforesta\" \/>\n<meta property=\"og:url\" content=\"https:\/\/www.asturforesta.es\/fr\/les-pompiers-forestiers-de-madrid-demandent-a-avoir-une-categorie-professionnelle\/\" \/>\n<meta property=\"og:site_name\" content=\"Asturforesta\" \/>\n<meta property=\"article:publisher\" content=\"https:\/\/www.facebook.com\/Asturforesta-712870052165199\/\" \/>\n<meta property=\"article:author\" content=\"https:\/\/www.facebook.com\/asturforesta\/\" \/>\n<meta property=\"article:published_time\" content=\"2016-06-10T09:02:23+00:00\" \/>\n<meta property=\"article:modified_time\" content=\"2022-11-27T11:24:23+00:00\" \/>\n<meta property=\"og:image\" content=\"https:\/\/www.asturforesta.es\/wp-content\/uploads\/2016\/06\/actualidad-brif-01.jpg\" \/>\n\t<meta property=\"og:image:width\" content=\"960\" \/>\n\t<meta property=\"og:image:height\" content=\"680\" \/>\n\t<meta property=\"og:image:type\" content=\"image\/jpeg\" \/>\n<meta name=\"author\" content=\"Asturforesta\" \/>\n<meta name=\"twitter:card\" content=\"summary_large_image\" \/>\n<meta name=\"twitter:creator\" content=\"@asturforesta\" \/>\n<meta name=\"twitter:site\" content=\"@Asturforesta\" \/>\n<meta name=\"twitter:label1\" content=\"Written by\" \/>\n\t<meta name=\"twitter:data1\" content=\"Asturforesta\" \/>\n\t<meta name=\"twitter:label2\" content=\"Est. reading time\" \/>\n\t<meta name=\"twitter:data2\" content=\"2 minutes\" \/>\n<script type=\"application\/ld+json\" class=\"yoast-schema-graph\">{\"@context\":\"https:\/\/schema.org\",\"@graph\":[{\"@type\":\"Article\",\"@id\":\"https:\/\/www.asturforesta.es\/fr\/les-pompiers-forestiers-de-madrid-demandent-a-avoir-une-categorie-professionnelle\/#article\",\"isPartOf\":{\"@id\":\"https:\/\/www.asturforesta.es\/fr\/les-pompiers-forestiers-de-madrid-demandent-a-avoir-une-categorie-professionnelle\/\"},\"author\":{\"name\":\"Asturforesta\",\"@id\":\"https:\/\/www.asturforesta.es\/fr\/#\/schema\/person\/bb1d3af5f3549bad95f3622c31a51bef\"},\"headline\":\"Les pompiers forestiers de Madrid demandent \u00e0 avoir une cat\u00e9gorie professionnelle\",\"datePublished\":\"2016-06-10T09:02:23+00:00\",\"dateModified\":\"2022-11-27T11:24:23+00:00\",\"mainEntityOfPage\":{\"@id\":\"https:\/\/www.asturforesta.es\/fr\/les-pompiers-forestiers-de-madrid-demandent-a-avoir-une-categorie-professionnelle\/\"},\"wordCount\":401,\"image\":{\"@id\":\"https:\/\/www.asturforesta.es\/fr\/les-pompiers-forestiers-de-madrid-demandent-a-avoir-une-categorie-professionnelle\/#primaryimage\"},\"thumbnailUrl\":\"https:\/\/www.asturforesta.es\/wp-content\/uploads\/2016\/06\/actualidad-brif-01.jpg\",\"articleSection\":[\"Non classifi\u00e9(e)\"],\"inLanguage\":\"fr-FR\"},{\"@type\":\"WebPage\",\"@id\":\"https:\/\/www.asturforesta.es\/fr\/les-pompiers-forestiers-de-madrid-demandent-a-avoir-une-categorie-professionnelle\/\",\"url\":\"https:\/\/www.asturforesta.es\/fr\/les-pompiers-forestiers-de-madrid-demandent-a-avoir-une-categorie-professionnelle\/\",\"name\":\"Les pompiers forestiers de Madrid demandent \u00e0 avoir une cat\u00e9gorie professionnelle - Asturforesta\",\"isPartOf\":{\"@id\":\"https:\/\/www.asturforesta.es\/fr\/#website\"},\"primaryImageOfPage\":{\"@id\":\"https:\/\/www.asturforesta.es\/fr\/les-pompiers-forestiers-de-madrid-demandent-a-avoir-une-categorie-professionnelle\/#primaryimage\"},\"image\":{\"@id\":\"https:\/\/www.asturforesta.es\/fr\/les-pompiers-forestiers-de-madrid-demandent-a-avoir-une-categorie-professionnelle\/#primaryimage\"},\"thumbnailUrl\":\"https:\/\/www.asturforesta.es\/wp-content\/uploads\/2016\/06\/actualidad-brif-01.jpg\",\"datePublished\":\"2016-06-10T09:02:23+00:00\",\"dateModified\":\"2022-11-27T11:24:23+00:00\",\"author\":{\"@id\":\"https:\/\/www.asturforesta.es\/fr\/#\/schema\/person\/bb1d3af5f3549bad95f3622c31a51bef\"},\"breadcrumb\":{\"@id\":\"https:\/\/www.asturforesta.es\/fr\/les-pompiers-forestiers-de-madrid-demandent-a-avoir-une-categorie-professionnelle\/#breadcrumb\"},\"inLanguage\":\"fr-FR\",\"potentialAction\":[{\"@type\":\"ReadAction\",\"target\":[\"https:\/\/www.asturforesta.es\/fr\/les-pompiers-forestiers-de-madrid-demandent-a-avoir-une-categorie-professionnelle\/\"]}]},{\"@type\":\"ImageObject\",\"inLanguage\":\"fr-FR\",\"@id\":\"https:\/\/www.asturforesta.es\/fr\/les-pompiers-forestiers-de-madrid-demandent-a-avoir-une-categorie-professionnelle\/#primaryimage\",\"url\":\"https:\/\/www.asturforesta.es\/wp-content\/uploads\/2016\/06\/actualidad-brif-01.jpg\",\"contentUrl\":\"https:\/\/www.asturforesta.es\/wp-content\/uploads\/2016\/06\/actualidad-brif-01.jpg\",\"width\":960,\"height\":680},{\"@type\":\"BreadcrumbList\",\"@id\":\"https:\/\/www.asturforesta.es\/fr\/les-pompiers-forestiers-de-madrid-demandent-a-avoir-une-categorie-professionnelle\/#breadcrumb\",\"itemListElement\":[{\"@type\":\"ListItem\",\"position\":1,\"name\":\"Portada\",\"item\":\"https:\/\/www.asturforesta.es\/fr\/\"},{\"@type\":\"ListItem\",\"position\":2,\"name\":\"Les pompiers forestiers de Madrid demandent \u00e0 avoir une cat\u00e9gorie professionnelle\"}]},{\"@type\":\"WebSite\",\"@id\":\"https:\/\/www.asturforesta.es\/fr\/#website\",\"url\":\"https:\/\/www.asturforesta.es\/fr\/\",\"name\":\"Asturforesta\",\"description\":\"Feria forestal internacional\",\"potentialAction\":[{\"@type\":\"SearchAction\",\"target\":{\"@type\":\"EntryPoint\",\"urlTemplate\":\"https:\/\/www.asturforesta.es\/fr\/?s={search_term_string}\"},\"query-input\":{\"@type\":\"PropertyValueSpecification\",\"valueRequired\":true,\"valueName\":\"search_term_string\"}}],\"inLanguage\":\"fr-FR\"},{\"@type\":\"Person\",\"@id\":\"https:\/\/www.asturforesta.es\/fr\/#\/schema\/person\/bb1d3af5f3549bad95f3622c31a51bef\",\"name\":\"Asturforesta\",\"image\":{\"@type\":\"ImageObject\",\"inLanguage\":\"fr-FR\",\"@id\":\"https:\/\/www.asturforesta.es\/fr\/#\/schema\/person\/image\/\",\"url\":\"https:\/\/secure.gravatar.com\/avatar\/034b5d82a94171fdb2c3d008c4a16075fe8c921dd59cd68dfed687e0f24c291f?s=96&d=mm&r=g\",\"contentUrl\":\"https:\/\/secure.gravatar.com\/avatar\/034b5d82a94171fdb2c3d008c4a16075fe8c921dd59cd68dfed687e0f24c291f?s=96&d=mm&r=g\",\"caption\":\"Asturforesta\"},\"sameAs\":[\"http:\/\/www.asturforesta.es\",\"https:\/\/www.facebook.com\/asturforesta\/\",\"https:\/\/x.com\/asturforesta\"],\"url\":\"https:\/\/www.asturforesta.es\/fr\/author\/manuelfg\/\"}]}<\/script>\n<!-- \/ Yoast SEO plugin. -->","yoast_head_json":{"title":"Les pompiers forestiers de Madrid demandent \u00e0 avoir une cat\u00e9gorie professionnelle - Asturforesta","robots":{"index":"index","follow":"follow","max-snippet":"max-snippet:-1","max-image-preview":"max-image-preview:large","max-video-preview":"max-video-preview:-1"},"canonical":"https:\/\/www.asturforesta.es\/fr\/les-pompiers-forestiers-de-madrid-demandent-a-avoir-une-categorie-professionnelle\/","og_locale":"fr_FR","og_type":"article","og_title":"Les pompiers forestiers de Madrid demandent \u00e0 avoir une cat\u00e9gorie professionnelle - Asturforesta","og_url":"https:\/\/www.asturforesta.es\/fr\/les-pompiers-forestiers-de-madrid-demandent-a-avoir-une-categorie-professionnelle\/","og_site_name":"Asturforesta","article_publisher":"https:\/\/www.facebook.com\/Asturforesta-712870052165199\/","article_author":"https:\/\/www.facebook.com\/asturforesta\/","article_published_time":"2016-06-10T09:02:23+00:00","article_modified_time":"2022-11-27T11:24:23+00:00","og_image":[{"width":960,"height":680,"url":"https:\/\/www.asturforesta.es\/wp-content\/uploads\/2016\/06\/actualidad-brif-01.jpg","type":"image\/jpeg"}],"author":"Asturforesta","twitter_card":"summary_large_image","twitter_creator":"@asturforesta","twitter_site":"@Asturforesta","twitter_misc":{"Written by":"Asturforesta","Est. reading time":"2 minutes"},"schema":{"@context":"https:\/\/schema.org","@graph":[{"@type":"Article","@id":"https:\/\/www.asturforesta.es\/fr\/les-pompiers-forestiers-de-madrid-demandent-a-avoir-une-categorie-professionnelle\/#article","isPartOf":{"@id":"https:\/\/www.asturforesta.es\/fr\/les-pompiers-forestiers-de-madrid-demandent-a-avoir-une-categorie-professionnelle\/"},"author":{"name":"Asturforesta","@id":"https:\/\/www.asturforesta.es\/fr\/#\/schema\/person\/bb1d3af5f3549bad95f3622c31a51bef"},"headline":"Les pompiers forestiers de Madrid demandent \u00e0 avoir une cat\u00e9gorie professionnelle","datePublished":"2016-06-10T09:02:23+00:00","dateModified":"2022-11-27T11:24:23+00:00","mainEntityOfPage":{"@id":"https:\/\/www.asturforesta.es\/fr\/les-pompiers-forestiers-de-madrid-demandent-a-avoir-une-categorie-professionnelle\/"},"wordCount":401,"image":{"@id":"https:\/\/www.asturforesta.es\/fr\/les-pompiers-forestiers-de-madrid-demandent-a-avoir-une-categorie-professionnelle\/#primaryimage"},"thumbnailUrl":"https:\/\/www.asturforesta.es\/wp-content\/uploads\/2016\/06\/actualidad-brif-01.jpg","articleSection":["Non classifi\u00e9(e)"],"inLanguage":"fr-FR"},{"@type":"WebPage","@id":"https:\/\/www.asturforesta.es\/fr\/les-pompiers-forestiers-de-madrid-demandent-a-avoir-une-categorie-professionnelle\/","url":"https:\/\/www.asturforesta.es\/fr\/les-pompiers-forestiers-de-madrid-demandent-a-avoir-une-categorie-professionnelle\/","name":"Les pompiers forestiers de Madrid demandent \u00e0 avoir une cat\u00e9gorie professionnelle - Asturforesta","isPartOf":{"@id":"https:\/\/www.asturforesta.es\/fr\/#website"},"primaryImageOfPage":{"@id":"https:\/\/www.asturforesta.es\/fr\/les-pompiers-forestiers-de-madrid-demandent-a-avoir-une-categorie-professionnelle\/#primaryimage"},"image":{"@id":"https:\/\/www.asturforesta.es\/fr\/les-pompiers-forestiers-de-madrid-demandent-a-avoir-une-categorie-professionnelle\/#primaryimage"},"thumbnailUrl":"https:\/\/www.asturforesta.es\/wp-content\/uploads\/2016\/06\/actualidad-brif-01.jpg","datePublished":"2016-06-10T09:02:23+00:00","dateModified":"2022-11-27T11:24:23+00:00","author":{"@id":"https:\/\/www.asturforesta.es\/fr\/#\/schema\/person\/bb1d3af5f3549bad95f3622c31a51bef"},"breadcrumb":{"@id":"https:\/\/www.asturforesta.es\/fr\/les-pompiers-forestiers-de-madrid-demandent-a-avoir-une-categorie-professionnelle\/#breadcrumb"},"inLanguage":"fr-FR","potentialAction":[{"@type":"ReadAction","target":["https:\/\/www.asturforesta.es\/fr\/les-pompiers-forestiers-de-madrid-demandent-a-avoir-une-categorie-professionnelle\/"]}]},{"@type":"ImageObject","inLanguage":"fr-FR","@id":"https:\/\/www.asturforesta.es\/fr\/les-pompiers-forestiers-de-madrid-demandent-a-avoir-une-categorie-professionnelle\/#primaryimage","url":"https:\/\/www.asturforesta.es\/wp-content\/uploads\/2016\/06\/actualidad-brif-01.jpg","contentUrl":"https:\/\/www.asturforesta.es\/wp-content\/uploads\/2016\/06\/actualidad-brif-01.jpg","width":960,"height":680},{"@type":"BreadcrumbList","@id":"https:\/\/www.asturforesta.es\/fr\/les-pompiers-forestiers-de-madrid-demandent-a-avoir-une-categorie-professionnelle\/#breadcrumb","itemListElement":[{"@type":"ListItem","position":1,"name":"Portada","item":"https:\/\/www.asturforesta.es\/fr\/"},{"@type":"ListItem","position":2,"name":"Les pompiers forestiers de Madrid demandent \u00e0 avoir une cat\u00e9gorie professionnelle"}]},{"@type":"WebSite","@id":"https:\/\/www.asturforesta.es\/fr\/#website","url":"https:\/\/www.asturforesta.es\/fr\/","name":"Asturforesta","description":"Feria forestal internacional","potentialAction":[{"@type":"SearchAction","target":{"@type":"EntryPoint","urlTemplate":"https:\/\/www.asturforesta.es\/fr\/?s={search_term_string}"},"query-input":{"@type":"PropertyValueSpecification","valueRequired":true,"valueName":"search_term_string"}}],"inLanguage":"fr-FR"},{"@type":"Person","@id":"https:\/\/www.asturforesta.es\/fr\/#\/schema\/person\/bb1d3af5f3549bad95f3622c31a51bef","name":"Asturforesta","image":{"@type":"ImageObject","inLanguage":"fr-FR","@id":"https:\/\/www.asturforesta.es\/fr\/#\/schema\/person\/image\/","url":"https:\/\/secure.gravatar.com\/avatar\/034b5d82a94171fdb2c3d008c4a16075fe8c921dd59cd68dfed687e0f24c291f?s=96&d=mm&r=g","contentUrl":"https:\/\/secure.gravatar.com\/avatar\/034b5d82a94171fdb2c3d008c4a16075fe8c921dd59cd68dfed687e0f24c291f?s=96&d=mm&r=g","caption":"Asturforesta"},"sameAs":["http:\/\/www.asturforesta.es","https:\/\/www.facebook.com\/asturforesta\/","https:\/\/x.com\/asturforesta"],"url":"https:\/\/www.asturforesta.es\/fr\/author\/manuelfg\/"}]}},"_links":{"self":[{"href":"https:\/\/www.asturforesta.es\/fr\/wp-json\/wp\/v2\/posts\/11706","targetHints":{"allow":["GET"]}}],"collection":[{"href":"https:\/\/www.asturforesta.es\/fr\/wp-json\/wp\/v2\/posts"}],"about":[{"href":"https:\/\/www.asturforesta.es\/fr\/wp-json\/wp\/v2\/types\/post"}],"author":[{"embeddable":true,"href":"https:\/\/www.asturforesta.es\/fr\/wp-json\/wp\/v2\/users\/1"}],"replies":[{"embeddable":true,"href":"https:\/\/www.asturforesta.es\/fr\/wp-json\/wp\/v2\/comments?post=11706"}],"version-history":[{"count":2,"href":"https:\/\/www.asturforesta.es\/fr\/wp-json\/wp\/v2\/posts\/11706\/revisions"}],"predecessor-version":[{"id":11708,"href":"https:\/\/www.asturforesta.es\/fr\/wp-json\/wp\/v2\/posts\/11706\/revisions\/11708"}],"wp:featuredmedia":[{"embeddable":true,"href":"https:\/\/www.asturforesta.es\/fr\/wp-json\/wp\/v2\/media\/7175"}],"wp:attachment":[{"href":"https:\/\/www.asturforesta.es\/fr\/wp-json\/wp\/v2\/media?parent=11706"}],"wp:term":[{"taxonomy":"category","embeddable":true,"href":"https:\/\/www.asturforesta.es\/fr\/wp-json\/wp\/v2\/categories?post=11706"},{"taxonomy":"post_tag","embeddable":true,"href":"https:\/\/www.asturforesta.es\/fr\/wp-json\/wp\/v2\/tags?post=11706"}],"curies":[{"name":"wp","href":"https:\/\/api.w.org\/{rel}","templated":true}]}}