{"id":11632,"date":"2021-06-23T08:22:19","date_gmt":"2021-06-23T08:22:19","guid":{"rendered":"https:\/\/www.asturforesta.es\/nouveau-succes-pour-asturforesta21\/"},"modified":"2022-11-27T10:51:00","modified_gmt":"2022-11-27T10:51:00","slug":"nouveau-succes-pour-asturforesta21","status":"publish","type":"post","link":"https:\/\/www.asturforesta.es\/fr\/nouveau-succes-pour-asturforesta21\/","title":{"rendered":"NOUVEAU SUCC\u00c8S POUR ASTURFORESTA&#8217;21"},"content":{"rendered":"<div class=\"fusion-fullwidth fullwidth-box fusion-builder-row-1 fusion-flex-container nonhundred-percent-fullwidth non-hundred-percent-height-scrolling\" style=\"--awb-border-radius-top-left:0px;--awb-border-radius-top-right:0px;--awb-border-radius-bottom-right:0px;--awb-border-radius-bottom-left:0px;--awb-flex-wrap:wrap;\" ><div class=\"fusion-builder-row fusion-row fusion-flex-align-items-flex-start fusion-flex-content-wrap\" style=\"max-width:1248px;margin-left: calc(-4% \/ 2 );margin-right: calc(-4% \/ 2 );\"><div class=\"fusion-layout-column fusion_builder_column fusion-builder-column-0 fusion_builder_column_1_3 1_3 fusion-flex-column\" style=\"--awb-bg-size:cover;--awb-width-large:33.333333333333%;--awb-margin-top-large:0px;--awb-spacing-right-large:5.76%;--awb-margin-bottom-large:20px;--awb-spacing-left-large:5.76%;--awb-width-medium:33.333333333333%;--awb-order-medium:0;--awb-spacing-right-medium:5.76%;--awb-spacing-left-medium:5.76%;--awb-width-small:100%;--awb-order-small:0;--awb-spacing-right-small:1.92%;--awb-spacing-left-small:1.92%;\"><div class=\"fusion-column-wrapper fusion-column-has-shadow fusion-flex-justify-content-flex-start fusion-content-layout-column\"><div class=\"fusion-image-element \" style=\"--awb-caption-title-font-family:var(--h2_typography-font-family);--awb-caption-title-font-weight:var(--h2_typography-font-weight);--awb-caption-title-font-style:var(--h2_typography-font-style);--awb-caption-title-size:var(--h2_typography-font-size);--awb-caption-title-transform:var(--h2_typography-text-transform);--awb-caption-title-line-height:var(--h2_typography-line-height);--awb-caption-title-letter-spacing:var(--h2_typography-letter-spacing);\"><span class=\" fusion-imageframe imageframe-none imageframe-1 hover-type-none\"><img decoding=\"async\" width=\"2560\" height=\"1440\" title=\"dron.00_25_56_17.Imagen fija010\" src=\"https:\/\/www.asturforesta.es\/wp-content\/uploads\/2021\/06\/dron.00_25_56_17.Imagen-fija010-scaled.jpg\" alt class=\"img-responsive wp-image-10977\" srcset=\"https:\/\/www.asturforesta.es\/wp-content\/uploads\/2021\/06\/dron.00_25_56_17.Imagen-fija010-300x169.jpg 300w, https:\/\/www.asturforesta.es\/wp-content\/uploads\/2021\/06\/dron.00_25_56_17.Imagen-fija010-768x432.jpg 768w, https:\/\/www.asturforesta.es\/wp-content\/uploads\/2021\/06\/dron.00_25_56_17.Imagen-fija010-1024x576.jpg 1024w, https:\/\/www.asturforesta.es\/wp-content\/uploads\/2021\/06\/dron.00_25_56_17.Imagen-fija010-1536x864.jpg 1536w, https:\/\/www.asturforesta.es\/wp-content\/uploads\/2021\/06\/dron.00_25_56_17.Imagen-fija010-scaled.jpg 2560w\" sizes=\"(max-width: 2560px) 100vw, 2560px\" \/><\/span><\/div><div class=\"fusion-separator fusion-full-width-sep\" style=\"align-self: center;margin-left: auto;margin-right: auto;margin-top:5px;width:100%;\"><\/div><div class=\"fusion-image-element \" style=\"--awb-caption-title-font-family:var(--h2_typography-font-family);--awb-caption-title-font-weight:var(--h2_typography-font-weight);--awb-caption-title-font-style:var(--h2_typography-font-style);--awb-caption-title-size:var(--h2_typography-font-size);--awb-caption-title-transform:var(--h2_typography-text-transform);--awb-caption-title-line-height:var(--h2_typography-line-height);--awb-caption-title-letter-spacing:var(--h2_typography-letter-spacing);\"><span class=\" fusion-imageframe imageframe-none imageframe-2 hover-type-none\"><img decoding=\"async\" width=\"1504\" height=\"846\" title=\"dron.00_28_29_19.Imagen fija015(1)\" src=\"https:\/\/www.asturforesta.es\/wp-content\/uploads\/2021\/06\/dron.00_28_29_19.Imagen-fija0151-scaled-e1656971321952.jpg\" alt class=\"img-responsive wp-image-10979\" srcset=\"https:\/\/www.asturforesta.es\/wp-content\/uploads\/2021\/06\/dron.00_28_29_19.Imagen-fija0151-scaled-e1656971321952-200x113.jpg 200w, https:\/\/www.asturforesta.es\/wp-content\/uploads\/2021\/06\/dron.00_28_29_19.Imagen-fija0151-scaled-e1656971321952-400x225.jpg 400w, https:\/\/www.asturforesta.es\/wp-content\/uploads\/2021\/06\/dron.00_28_29_19.Imagen-fija0151-scaled-e1656971321952-600x338.jpg 600w, https:\/\/www.asturforesta.es\/wp-content\/uploads\/2021\/06\/dron.00_28_29_19.Imagen-fija0151-scaled-e1656971321952-800x450.jpg 800w, https:\/\/www.asturforesta.es\/wp-content\/uploads\/2021\/06\/dron.00_28_29_19.Imagen-fija0151-scaled-e1656971321952-1200x675.jpg 1200w, https:\/\/www.asturforesta.es\/wp-content\/uploads\/2021\/06\/dron.00_28_29_19.Imagen-fija0151-scaled-e1656971321952.jpg 1504w\" sizes=\"(max-width: 640px) 100vw, 400px\" \/><\/span><\/div><div class=\"fusion-separator fusion-full-width-sep\" style=\"align-self: center;margin-left: auto;margin-right: auto;margin-top:5px;width:100%;\"><\/div><div class=\"fusion-image-element \" style=\"--awb-caption-title-font-family:var(--h2_typography-font-family);--awb-caption-title-font-weight:var(--h2_typography-font-weight);--awb-caption-title-font-style:var(--h2_typography-font-style);--awb-caption-title-size:var(--h2_typography-font-size);--awb-caption-title-transform:var(--h2_typography-text-transform);--awb-caption-title-line-height:var(--h2_typography-line-height);--awb-caption-title-letter-spacing:var(--h2_typography-letter-spacing);\"><span class=\" fusion-imageframe imageframe-none imageframe-3 hover-type-none\"><img decoding=\"async\" width=\"2560\" height=\"1440\" title=\"dron.00_22_57_12.Imagen fija008\" src=\"https:\/\/www.asturforesta.es\/wp-content\/uploads\/2021\/06\/dron.00_22_57_12.Imagen-fija008-scaled.jpg\" alt class=\"img-responsive wp-image-10983\" srcset=\"https:\/\/www.asturforesta.es\/wp-content\/uploads\/2021\/06\/dron.00_22_57_12.Imagen-fija008-300x169.jpg 300w, https:\/\/www.asturforesta.es\/wp-content\/uploads\/2021\/06\/dron.00_22_57_12.Imagen-fija008-768x432.jpg 768w, https:\/\/www.asturforesta.es\/wp-content\/uploads\/2021\/06\/dron.00_22_57_12.Imagen-fija008-1024x576.jpg 1024w, https:\/\/www.asturforesta.es\/wp-content\/uploads\/2021\/06\/dron.00_22_57_12.Imagen-fija008-1536x864.jpg 1536w, https:\/\/www.asturforesta.es\/wp-content\/uploads\/2021\/06\/dron.00_22_57_12.Imagen-fija008-scaled.jpg 2560w\" sizes=\"(max-width: 2560px) 100vw, 2560px\" \/><\/span><\/div><\/div><\/div><div class=\"fusion-layout-column fusion_builder_column fusion-builder-column-1 fusion_builder_column_2_3 2_3 fusion-flex-column\" style=\"--awb-bg-size:cover;--awb-width-large:66.666666666667%;--awb-margin-top-large:0px;--awb-spacing-right-large:2.88%;--awb-margin-bottom-large:0px;--awb-spacing-left-large:2.88%;--awb-width-medium:66.666666666667%;--awb-spacing-right-medium:2.88%;--awb-spacing-left-medium:2.88%;--awb-width-small:100%;--awb-spacing-right-small:1.92%;--awb-spacing-left-small:1.92%;\"><div class=\"fusion-column-wrapper fusion-flex-justify-content-flex-start fusion-content-layout-column\"><div class=\"fusion-text fusion-text-1\"><p align=\"justify\"><strong>Asturforesta&#8217;21<\/strong> a ferm\u00e9 ses portes samedi \u00e0 18h00. Asturforesta est le seul salon forestier international organis\u00e9 en Espagne et est \u00e9galement le seul int\u00e9gr\u00e9 au r\u00e9seau international exclusif de salons de d\u00e9monstration de machines foresti\u00e8res, <strong>Forestry Demo Fairs.<\/strong><\/p>\n<p align=\"justify\">Cette ann\u00e9e, un d\u00e9fi compliqu\u00e9 a \u00e9t\u00e9 pos\u00e9, en temps de pand\u00e9mie et apr\u00e8s deux ans de r\u00e9flexion sur la c\u00e9l\u00e9bration d&#8217;Asturforesta, et qu&#8217;il a finalement pu \u00eatre r\u00e9alis\u00e9, c&#8217;\u00e9tait un peu compliqu\u00e9 de voir comment COVID-19 a chang\u00e9 son comportement. En notre faveur, nous avions que la Foire se d\u00e9roule dans une for\u00eat en plein air, et prendre les pr\u00e9cautions n\u00e9cessaires ne devrait poser aucun probl\u00e8me.<\/p>\n<p align=\"justify\">Le comit\u00e9 d&#8217;organisation <strong>d&#8217;Asturforesta&#8217;21<\/strong> a d\u00e8s le premier instant opt\u00e9 pour sa c\u00e9l\u00e9bration et nous avons \u00e9t\u00e9 la premi\u00e8re foire foresti\u00e8re \u00e0 se tenir dans le respect de toutes les r\u00e9glementations sanitaires requises \u00e0 l&#8217;\u00e9poque.<\/p>\n<p align=\"justify\">Enfin, 92 exposants ont particip\u00e9 \u00e0 cette \u00e9dition, dont 12 entreprises participant pour la premi\u00e8re fois \u00e0 Asturforesta.<\/p>\n<p align=\"justify\">Asturforesta s&#8217;est d\u00e9marqu\u00e9 par les d\u00e9monstrations de la foire elle-m\u00eame, voir les machines travailler dans des conditions r\u00e9elles, est la plus grande attraction d&#8217;Asturforesta, en plus d&#8217;avoir un vaste programme de conf\u00e9rences techniques pour d\u00e9battre de l&#8217;actualit\u00e9 du secteur forestier et de la reprise du Championnat de Motoserristas ont contribu\u00e9 \u00e0 un nouveau succ\u00e8s de <strong>Asturforesta\u201921.<\/strong><\/p>\n<p align=\"justify\">Les exposants nous ont fait savoir que, bien que la situation soit compliqu\u00e9e, ils sont satisfaits de la fr\u00e9quentation et ils soulignent qu&#8217;il y avait un public plus professionnel, ce qui est positif pour les relations commerciales.<\/p>\n<p align=\"justify\">L&#8217;\u00e9quipe d&#8217;Asturforesta Management travaille d\u00e9j\u00e0 sur l&#8217;\u00e9dition 2023, qui se tiendra les 15, 16 et 17 juin, dans laquelle &#8220;nous n&#8217;\u00e9pargnerons aucun effort&#8221; afin de continuer \u00e0 renforcer l&#8217;\u00e9v\u00e9nement et \u00e0 attirer davantage d&#8217;exposants.<\/p>\n<p align=\"justify\">Asturforesta tient \u00e0 remercier toutes les entreprises exposantes qui ont choisi d&#8217;assister \u00e0 la Foire en cette ann\u00e9e difficile, pour laquelle elle permettra une r\u00e9duction sur la participation en 2023.<\/p>\n<\/div><\/div><\/div><\/div><\/div>\n","protected":false},"excerpt":{"rendered":"","protected":false},"author":3,"featured_media":10979,"comment_status":"open","ping_status":"open","sticky":false,"template":"","format":"aside","meta":{"footnotes":""},"categories":[14],"tags":[],"class_list":["post-11632","post","type-post","status-publish","format-aside","has-post-thumbnail","hentry","category-non-classifiee","post_format-post-format-aside"],"yoast_head":"<!-- This site is optimized with the Yoast SEO plugin v27.1.1 - https:\/\/yoast.com\/product\/yoast-seo-wordpress\/ -->\n<title>NOUVEAU SUCC\u00c8S POUR ASTURFORESTA&#039;21 - Asturforesta<\/title>\n<meta name=\"robots\" content=\"index, follow, max-snippet:-1, max-image-preview:large, max-video-preview:-1\" \/>\n<link rel=\"canonical\" href=\"https:\/\/www.asturforesta.es\/fr\/nouveau-succes-pour-asturforesta21\/\" \/>\n<meta property=\"og:locale\" content=\"fr_FR\" \/>\n<meta property=\"og:type\" content=\"article\" \/>\n<meta property=\"og:title\" content=\"NOUVEAU SUCC\u00c8S POUR ASTURFORESTA&#039;21 - Asturforesta\" \/>\n<meta property=\"og:url\" content=\"https:\/\/www.asturforesta.es\/fr\/nouveau-succes-pour-asturforesta21\/\" \/>\n<meta property=\"og:site_name\" content=\"Asturforesta\" \/>\n<meta property=\"article:publisher\" content=\"https:\/\/www.facebook.com\/Asturforesta-712870052165199\/\" \/>\n<meta property=\"article:published_time\" content=\"2021-06-23T08:22:19+00:00\" \/>\n<meta property=\"article:modified_time\" content=\"2022-11-27T10:51:00+00:00\" \/>\n<meta property=\"og:image\" content=\"https:\/\/www.asturforesta.es\/wp-content\/uploads\/2021\/06\/dron.00_28_29_19.Imagen-fija0151-scaled-e1656971321952.jpg\" \/>\n\t<meta property=\"og:image:width\" content=\"1504\" \/>\n\t<meta property=\"og:image:height\" content=\"846\" \/>\n\t<meta property=\"og:image:type\" content=\"image\/jpeg\" \/>\n<meta name=\"author\" content=\"Ana P\u00e9rez \u00c1lvarez\" \/>\n<meta name=\"twitter:card\" content=\"summary_large_image\" \/>\n<meta name=\"twitter:creator\" content=\"@Asturforesta\" \/>\n<meta name=\"twitter:site\" content=\"@Asturforesta\" \/>\n<meta name=\"twitter:label1\" content=\"Written by\" \/>\n\t<meta name=\"twitter:data1\" content=\"Ana P\u00e9rez \u00c1lvarez\" \/>\n\t<meta name=\"twitter:label2\" content=\"Est. reading time\" \/>\n\t<meta name=\"twitter:data2\" content=\"9 minutes\" \/>\n<script type=\"application\/ld+json\" class=\"yoast-schema-graph\">{\"@context\":\"https:\/\/schema.org\",\"@graph\":[{\"@type\":\"Article\",\"@id\":\"https:\/\/www.asturforesta.es\/fr\/nouveau-succes-pour-asturforesta21\/#article\",\"isPartOf\":{\"@id\":\"https:\/\/www.asturforesta.es\/fr\/nouveau-succes-pour-asturforesta21\/\"},\"author\":{\"name\":\"Ana P\u00e9rez \u00c1lvarez\",\"@id\":\"https:\/\/www.asturforesta.es\/fr\/#\/schema\/person\/b883accd116cabd0df5ed3d7354b2902\"},\"headline\":\"NOUVEAU SUCC\u00c8S POUR ASTURFORESTA&#8217;21\",\"datePublished\":\"2021-06-23T08:22:19+00:00\",\"dateModified\":\"2022-11-27T10:51:00+00:00\",\"mainEntityOfPage\":{\"@id\":\"https:\/\/www.asturforesta.es\/fr\/nouveau-succes-pour-asturforesta21\/\"},\"wordCount\":1767,\"commentCount\":0,\"image\":{\"@id\":\"https:\/\/www.asturforesta.es\/fr\/nouveau-succes-pour-asturforesta21\/#primaryimage\"},\"thumbnailUrl\":\"https:\/\/www.asturforesta.es\/wp-content\/uploads\/2021\/06\/dron.00_28_29_19.Imagen-fija0151-scaled-e1656971321952.jpg\",\"articleSection\":[\"Non classifi\u00e9(e)\"],\"inLanguage\":\"fr-FR\",\"potentialAction\":[{\"@type\":\"CommentAction\",\"name\":\"Comment\",\"target\":[\"https:\/\/www.asturforesta.es\/fr\/nouveau-succes-pour-asturforesta21\/#respond\"]}]},{\"@type\":\"WebPage\",\"@id\":\"https:\/\/www.asturforesta.es\/fr\/nouveau-succes-pour-asturforesta21\/\",\"url\":\"https:\/\/www.asturforesta.es\/fr\/nouveau-succes-pour-asturforesta21\/\",\"name\":\"NOUVEAU SUCC\u00c8S POUR ASTURFORESTA'21 - Asturforesta\",\"isPartOf\":{\"@id\":\"https:\/\/www.asturforesta.es\/fr\/#website\"},\"primaryImageOfPage\":{\"@id\":\"https:\/\/www.asturforesta.es\/fr\/nouveau-succes-pour-asturforesta21\/#primaryimage\"},\"image\":{\"@id\":\"https:\/\/www.asturforesta.es\/fr\/nouveau-succes-pour-asturforesta21\/#primaryimage\"},\"thumbnailUrl\":\"https:\/\/www.asturforesta.es\/wp-content\/uploads\/2021\/06\/dron.00_28_29_19.Imagen-fija0151-scaled-e1656971321952.jpg\",\"datePublished\":\"2021-06-23T08:22:19+00:00\",\"dateModified\":\"2022-11-27T10:51:00+00:00\",\"author\":{\"@id\":\"https:\/\/www.asturforesta.es\/fr\/#\/schema\/person\/b883accd116cabd0df5ed3d7354b2902\"},\"breadcrumb\":{\"@id\":\"https:\/\/www.asturforesta.es\/fr\/nouveau-succes-pour-asturforesta21\/#breadcrumb\"},\"inLanguage\":\"fr-FR\",\"potentialAction\":[{\"@type\":\"ReadAction\",\"target\":[\"https:\/\/www.asturforesta.es\/fr\/nouveau-succes-pour-asturforesta21\/\"]}]},{\"@type\":\"ImageObject\",\"inLanguage\":\"fr-FR\",\"@id\":\"https:\/\/www.asturforesta.es\/fr\/nouveau-succes-pour-asturforesta21\/#primaryimage\",\"url\":\"https:\/\/www.asturforesta.es\/wp-content\/uploads\/2021\/06\/dron.00_28_29_19.Imagen-fija0151-scaled-e1656971321952.jpg\",\"contentUrl\":\"https:\/\/www.asturforesta.es\/wp-content\/uploads\/2021\/06\/dron.00_28_29_19.Imagen-fija0151-scaled-e1656971321952.jpg\",\"width\":1504,\"height\":846},{\"@type\":\"BreadcrumbList\",\"@id\":\"https:\/\/www.asturforesta.es\/fr\/nouveau-succes-pour-asturforesta21\/#breadcrumb\",\"itemListElement\":[{\"@type\":\"ListItem\",\"position\":1,\"name\":\"Portada\",\"item\":\"https:\/\/www.asturforesta.es\/fr\/\"},{\"@type\":\"ListItem\",\"position\":2,\"name\":\"NOUVEAU SUCC\u00c8S POUR ASTURFORESTA&#8217;21\"}]},{\"@type\":\"WebSite\",\"@id\":\"https:\/\/www.asturforesta.es\/fr\/#website\",\"url\":\"https:\/\/www.asturforesta.es\/fr\/\",\"name\":\"Asturforesta\",\"description\":\"Feria forestal internacional\",\"potentialAction\":[{\"@type\":\"SearchAction\",\"target\":{\"@type\":\"EntryPoint\",\"urlTemplate\":\"https:\/\/www.asturforesta.es\/fr\/?s={search_term_string}\"},\"query-input\":{\"@type\":\"PropertyValueSpecification\",\"valueRequired\":true,\"valueName\":\"search_term_string\"}}],\"inLanguage\":\"fr-FR\"},{\"@type\":\"Person\",\"@id\":\"https:\/\/www.asturforesta.es\/fr\/#\/schema\/person\/b883accd116cabd0df5ed3d7354b2902\",\"name\":\"Ana P\u00e9rez \u00c1lvarez\",\"image\":{\"@type\":\"ImageObject\",\"inLanguage\":\"fr-FR\",\"@id\":\"https:\/\/www.asturforesta.es\/fr\/#\/schema\/person\/image\/\",\"url\":\"https:\/\/secure.gravatar.com\/avatar\/0332bd4d789f40e215c33755579ce970d5917f1c0f6640110f13968911d5bc4f?s=96&d=mm&r=g\",\"contentUrl\":\"https:\/\/secure.gravatar.com\/avatar\/0332bd4d789f40e215c33755579ce970d5917f1c0f6640110f13968911d5bc4f?s=96&d=mm&r=g\",\"caption\":\"Ana P\u00e9rez \u00c1lvarez\"},\"url\":\"https:\/\/www.asturforesta.es\/fr\/author\/anaperez\/\"}]}<\/script>\n<!-- \/ Yoast SEO plugin. -->","yoast_head_json":{"title":"NOUVEAU SUCC\u00c8S POUR ASTURFORESTA'21 - Asturforesta","robots":{"index":"index","follow":"follow","max-snippet":"max-snippet:-1","max-image-preview":"max-image-preview:large","max-video-preview":"max-video-preview:-1"},"canonical":"https:\/\/www.asturforesta.es\/fr\/nouveau-succes-pour-asturforesta21\/","og_locale":"fr_FR","og_type":"article","og_title":"NOUVEAU SUCC\u00c8S POUR ASTURFORESTA'21 - Asturforesta","og_url":"https:\/\/www.asturforesta.es\/fr\/nouveau-succes-pour-asturforesta21\/","og_site_name":"Asturforesta","article_publisher":"https:\/\/www.facebook.com\/Asturforesta-712870052165199\/","article_published_time":"2021-06-23T08:22:19+00:00","article_modified_time":"2022-11-27T10:51:00+00:00","og_image":[{"width":1504,"height":846,"url":"https:\/\/www.asturforesta.es\/wp-content\/uploads\/2021\/06\/dron.00_28_29_19.Imagen-fija0151-scaled-e1656971321952.jpg","type":"image\/jpeg"}],"author":"Ana P\u00e9rez \u00c1lvarez","twitter_card":"summary_large_image","twitter_creator":"@Asturforesta","twitter_site":"@Asturforesta","twitter_misc":{"Written by":"Ana P\u00e9rez \u00c1lvarez","Est. reading time":"9 minutes"},"schema":{"@context":"https:\/\/schema.org","@graph":[{"@type":"Article","@id":"https:\/\/www.asturforesta.es\/fr\/nouveau-succes-pour-asturforesta21\/#article","isPartOf":{"@id":"https:\/\/www.asturforesta.es\/fr\/nouveau-succes-pour-asturforesta21\/"},"author":{"name":"Ana P\u00e9rez \u00c1lvarez","@id":"https:\/\/www.asturforesta.es\/fr\/#\/schema\/person\/b883accd116cabd0df5ed3d7354b2902"},"headline":"NOUVEAU SUCC\u00c8S POUR ASTURFORESTA&#8217;21","datePublished":"2021-06-23T08:22:19+00:00","dateModified":"2022-11-27T10:51:00+00:00","mainEntityOfPage":{"@id":"https:\/\/www.asturforesta.es\/fr\/nouveau-succes-pour-asturforesta21\/"},"wordCount":1767,"commentCount":0,"image":{"@id":"https:\/\/www.asturforesta.es\/fr\/nouveau-succes-pour-asturforesta21\/#primaryimage"},"thumbnailUrl":"https:\/\/www.asturforesta.es\/wp-content\/uploads\/2021\/06\/dron.00_28_29_19.Imagen-fija0151-scaled-e1656971321952.jpg","articleSection":["Non classifi\u00e9(e)"],"inLanguage":"fr-FR","potentialAction":[{"@type":"CommentAction","name":"Comment","target":["https:\/\/www.asturforesta.es\/fr\/nouveau-succes-pour-asturforesta21\/#respond"]}]},{"@type":"WebPage","@id":"https:\/\/www.asturforesta.es\/fr\/nouveau-succes-pour-asturforesta21\/","url":"https:\/\/www.asturforesta.es\/fr\/nouveau-succes-pour-asturforesta21\/","name":"NOUVEAU SUCC\u00c8S POUR ASTURFORESTA'21 - Asturforesta","isPartOf":{"@id":"https:\/\/www.asturforesta.es\/fr\/#website"},"primaryImageOfPage":{"@id":"https:\/\/www.asturforesta.es\/fr\/nouveau-succes-pour-asturforesta21\/#primaryimage"},"image":{"@id":"https:\/\/www.asturforesta.es\/fr\/nouveau-succes-pour-asturforesta21\/#primaryimage"},"thumbnailUrl":"https:\/\/www.asturforesta.es\/wp-content\/uploads\/2021\/06\/dron.00_28_29_19.Imagen-fija0151-scaled-e1656971321952.jpg","datePublished":"2021-06-23T08:22:19+00:00","dateModified":"2022-11-27T10:51:00+00:00","author":{"@id":"https:\/\/www.asturforesta.es\/fr\/#\/schema\/person\/b883accd116cabd0df5ed3d7354b2902"},"breadcrumb":{"@id":"https:\/\/www.asturforesta.es\/fr\/nouveau-succes-pour-asturforesta21\/#breadcrumb"},"inLanguage":"fr-FR","potentialAction":[{"@type":"ReadAction","target":["https:\/\/www.asturforesta.es\/fr\/nouveau-succes-pour-asturforesta21\/"]}]},{"@type":"ImageObject","inLanguage":"fr-FR","@id":"https:\/\/www.asturforesta.es\/fr\/nouveau-succes-pour-asturforesta21\/#primaryimage","url":"https:\/\/www.asturforesta.es\/wp-content\/uploads\/2021\/06\/dron.00_28_29_19.Imagen-fija0151-scaled-e1656971321952.jpg","contentUrl":"https:\/\/www.asturforesta.es\/wp-content\/uploads\/2021\/06\/dron.00_28_29_19.Imagen-fija0151-scaled-e1656971321952.jpg","width":1504,"height":846},{"@type":"BreadcrumbList","@id":"https:\/\/www.asturforesta.es\/fr\/nouveau-succes-pour-asturforesta21\/#breadcrumb","itemListElement":[{"@type":"ListItem","position":1,"name":"Portada","item":"https:\/\/www.asturforesta.es\/fr\/"},{"@type":"ListItem","position":2,"name":"NOUVEAU SUCC\u00c8S POUR ASTURFORESTA&#8217;21"}]},{"@type":"WebSite","@id":"https:\/\/www.asturforesta.es\/fr\/#website","url":"https:\/\/www.asturforesta.es\/fr\/","name":"Asturforesta","description":"Feria forestal internacional","potentialAction":[{"@type":"SearchAction","target":{"@type":"EntryPoint","urlTemplate":"https:\/\/www.asturforesta.es\/fr\/?s={search_term_string}"},"query-input":{"@type":"PropertyValueSpecification","valueRequired":true,"valueName":"search_term_string"}}],"inLanguage":"fr-FR"},{"@type":"Person","@id":"https:\/\/www.asturforesta.es\/fr\/#\/schema\/person\/b883accd116cabd0df5ed3d7354b2902","name":"Ana P\u00e9rez \u00c1lvarez","image":{"@type":"ImageObject","inLanguage":"fr-FR","@id":"https:\/\/www.asturforesta.es\/fr\/#\/schema\/person\/image\/","url":"https:\/\/secure.gravatar.com\/avatar\/0332bd4d789f40e215c33755579ce970d5917f1c0f6640110f13968911d5bc4f?s=96&d=mm&r=g","contentUrl":"https:\/\/secure.gravatar.com\/avatar\/0332bd4d789f40e215c33755579ce970d5917f1c0f6640110f13968911d5bc4f?s=96&d=mm&r=g","caption":"Ana P\u00e9rez \u00c1lvarez"},"url":"https:\/\/www.asturforesta.es\/fr\/author\/anaperez\/"}]}},"_links":{"self":[{"href":"https:\/\/www.asturforesta.es\/fr\/wp-json\/wp\/v2\/posts\/11632","targetHints":{"allow":["GET"]}}],"collection":[{"href":"https:\/\/www.asturforesta.es\/fr\/wp-json\/wp\/v2\/posts"}],"about":[{"href":"https:\/\/www.asturforesta.es\/fr\/wp-json\/wp\/v2\/types\/post"}],"author":[{"embeddable":true,"href":"https:\/\/www.asturforesta.es\/fr\/wp-json\/wp\/v2\/users\/3"}],"replies":[{"embeddable":true,"href":"https:\/\/www.asturforesta.es\/fr\/wp-json\/wp\/v2\/comments?post=11632"}],"version-history":[{"count":3,"href":"https:\/\/www.asturforesta.es\/fr\/wp-json\/wp\/v2\/posts\/11632\/revisions"}],"predecessor-version":[{"id":11635,"href":"https:\/\/www.asturforesta.es\/fr\/wp-json\/wp\/v2\/posts\/11632\/revisions\/11635"}],"wp:featuredmedia":[{"embeddable":true,"href":"https:\/\/www.asturforesta.es\/fr\/wp-json\/wp\/v2\/media\/10979"}],"wp:attachment":[{"href":"https:\/\/www.asturforesta.es\/fr\/wp-json\/wp\/v2\/media?parent=11632"}],"wp:term":[{"taxonomy":"category","embeddable":true,"href":"https:\/\/www.asturforesta.es\/fr\/wp-json\/wp\/v2\/categories?post=11632"},{"taxonomy":"post_tag","embeddable":true,"href":"https:\/\/www.asturforesta.es\/fr\/wp-json\/wp\/v2\/tags?post=11632"}],"curies":[{"name":"wp","href":"https:\/\/api.w.org\/{rel}","templated":true}]}}